{"id":10107,"date":"2016-04-28T17:04:20","date_gmt":"2016-04-28T17:04:20","guid":{"rendered":"http:\/\/datomujer.com\/?p=10107"},"modified":"2016-04-28T17:04:20","modified_gmt":"2016-04-28T17:04:20","slug":"madre-con-estrias-recrea-sesion-de-kendall-jenner","status":"publish","type":"post","link":"https:\/\/tecache.cl\/mujer\/madre-con-estrias-recrea-sesion-de-kendall-jenner\/","title":{"rendered":"Madre con estr\u00edas recrea sesi\u00f3n de Kendall Jenner \u00a1inspirador!"},"content":{"rendered":"<p>Ya es viral el inspirador mensaje. <strong>Esta madre con estr\u00edas\u00a0recrea\u00a0sesi\u00f3n de Kendall Jenner,\u00a0para que todas las\u00a0mujeres\u00a0se amen as\u00ed mismas<\/strong>. \u00abDurante el \u00faltimo a\u00f1o, he estado en un viaje de amarme a m\u00ed misma, para as\u00ed inspirar a otras mujeres que est\u00e9n en este dif\u00edcil camino\u00bb.<\/p>\n<p>Fueron las palabras de esta mujer que intenta entregar un sincero y potente mensaje con sus fotos.<\/p>\n<p>Lee tambi\u00e9n: <span style=\"color: #ff00ff\"><strong><a style=\"color: #ff00ff\" href=\"https:\/\/tecache.cl\/mujer\/famosas-muestran-sus-estrias-para-entregar-un-mensaje\/\" target=\"_blank\">famosas muestran sus estr\u00edas para entregar un mensaje<\/a><\/strong><\/span><\/p>\n<h2>Madre con estr\u00edas recrea sesi\u00f3n de Kendall Jenner para que las mujeres se amen tal cual son<\/h2>\n<p>Hoy en d\u00eda los est\u00e1ndares de belleza est\u00e1n lamentablemente definidos y seamos sinceras, son casi inalcanzables. Las celebridades lucen siempre perfectas pero en el d\u00eda a d\u00eda, es muy dif\u00edcil vernos as\u00ed, a pesar de que son los propios medios los que nos exigen esto.<\/p>\n<p><strong>Brenda DeRouen es la madre con estr\u00edas que recre\u00f3 la sesi\u00f3n de fotos de Kendall Jenner<\/strong>, quien dio a luz y qued\u00f3 con notorias estr\u00edas en la piel de su abdomen.<\/p>\n<p>La modelo Kendall Jenner hizo esta sesi\u00f3n para la marca Calvin Klein y Brenda quiso hacer lo mismo de una forma inspiradora.<\/p>\n<p><img decoding=\"async\" loading=\"lazy\" class=\"aligncenter size-full wp-image-10109\" src=\"https:\/\/tecache.cl\/mujer\/wp-content\/uploads\/2016\/04\/Brenda-DeRouen.jpg\" alt=\"Brenda DeRouen\" width=\"746\" height=\"1312\" \/><\/p>\n<p>Las im\u00e1genes no dejan de ser inspiradoras:<\/p>\n<p><img decoding=\"async\" loading=\"lazy\" class=\"aligncenter size-full wp-image-10110\" src=\"https:\/\/tecache.cl\/mujer\/wp-content\/uploads\/2016\/04\/brenda.jpg\" alt=\"brenda\" width=\"746\" height=\"1118\" \/><\/p>\n<p>La bella madre coment\u00f3 al portal web Cosmopolitan.com que le cost\u00f3 mucho trabajo aceptar su nuevo cuerpo con estr\u00edas.<\/p>\n<p>\u00ab<em>Me demor\u00e9 a\u00f1os en aceptar las estr\u00edas de mi cuerpo. Durante el \u00faltimo a\u00f1o, he estado en un viaje de amarme a m\u00ed misma, para as\u00ed inspirar a otras mujeres que est\u00e9n en este dif\u00edcil camino. La sesi\u00f3n no tuvo nada que ver con Kendall, y est\u00e1 s\u00f3lo relacionada conmigo. Eleg\u00ed posar con ropa interior Calvin Klein para enviar un mensaje a las mujeres sobre la auto-aceptaci\u00f3n y el amor propio. Quise celebrar el fin de mis inseguridades corporales<\/em>\u00bb fueron sus palabras.<\/p>\n<p><img decoding=\"async\" loading=\"lazy\" class=\"aligncenter size-full wp-image-10112\" src=\"https:\/\/tecache.cl\/mujer\/wp-content\/uploads\/2016\/04\/brenda-estrias.jpg\" alt=\"brenda estrias\" width=\"746\" height=\"872\" \/><\/p>\n<p><strong>Brenda asegur\u00f3 que ya no siente verg\u00fcenza por su cuerpo<\/strong> y se sinti\u00f3 muy bien en la sesi\u00f3n de fotos.<\/p>\n<p><img decoding=\"async\" loading=\"lazy\" class=\"aligncenter size-full wp-image-10113\" src=\"https:\/\/tecache.cl\/mujer\/wp-content\/uploads\/2016\/04\/estrias-brenda.jpg\" alt=\"estrias brenda\" width=\"746\" height=\"498\" \/><\/p>\n","protected":false},"excerpt":{"rendered":"<p>Ya es viral el inspirador mensaje. Esta madre con estr\u00edas\u00a0recrea\u00a0sesi\u00f3n de Kendall Jenner,\u00a0para que todas las\u00a0mujeres\u00a0se amen as\u00ed mismas. \u00abDurante el \u00faltimo a\u00f1o, he estado en un viaje de amarme a m\u00ed misma, para as\u00ed inspirar a otras mujeres que est\u00e9n en este dif\u00edcil camino\u00bb. Fueron las palabras de esta mujer que intenta entregar un &hellip; <\/p>\n<p class=\"link-more\"><a href=\"https:\/\/tecache.cl\/mujer\/madre-con-estrias-recrea-sesion-de-kendall-jenner\/\" class=\"more-link\">Continuar leyendo<span class=\"screen-reader-text\"> \u00abMadre con estr\u00edas recrea sesi\u00f3n de Kendall Jenner \u00a1inspirador!\u00bb<\/span><\/a><\/p>\n","protected":false},"author":1,"featured_media":10108,"comment_status":"closed","ping_status":"closed","sticky":false,"template":"","format":"standard","meta":[],"categories":[15,18],"tags":[133,98,364],"_links":{"self":[{"href":"https:\/\/tecache.cl\/mujer\/wp-json\/wp\/v2\/posts\/10107"}],"collection":[{"href":"https:\/\/tecache.cl\/mujer\/wp-json\/wp\/v2\/posts"}],"about":[{"href":"https:\/\/tecache.cl\/mujer\/wp-json\/wp\/v2\/types\/post"}],"author":[{"embeddable":true,"href":"https:\/\/tecache.cl\/mujer\/wp-json\/wp\/v2\/users\/1"}],"replies":[{"embeddable":true,"href":"https:\/\/tecache.cl\/mujer\/wp-json\/wp\/v2\/comments?post=10107"}],"version-history":[{"count":0,"href":"https:\/\/tecache.cl\/mujer\/wp-json\/wp\/v2\/posts\/10107\/revisions"}],"wp:featuredmedia":[{"embeddable":true,"href":"https:\/\/tecache.cl\/mujer\/wp-json\/"}],"wp:attachment":[{"href":"https:\/\/tecache.cl\/mujer\/wp-json\/wp\/v2\/media?parent=10107"}],"wp:term":[{"taxonomy":"category","embeddable":true,"href":"https:\/\/tecache.cl\/mujer\/wp-json\/wp\/v2\/categories?post=10107"},{"taxonomy":"post_tag","embeddable":true,"href":"https:\/\/tecache.cl\/mujer\/wp-json\/wp\/v2\/tags?post=10107"}],"curies":[{"name":"wp","href":"https:\/\/api.w.org\/{rel}","templated":true}]}}