{"id":1561,"date":"2015-05-01T15:59:30","date_gmt":"2015-05-01T15:59:30","guid":{"rendered":"http:\/\/datomujer.com\/?p=1561"},"modified":"2015-05-01T15:59:30","modified_gmt":"2015-05-01T15:59:30","slug":"madre-primeriza","status":"publish","type":"post","link":"https:\/\/tecache.cl\/mujer\/madre-primeriza\/","title":{"rendered":"3 cosas que toda madre primeriza piensa"},"content":{"rendered":"<p>Muchas madres primerizas piensan una serie de cosas en torno a esta nueva y hermosa etapa y muchas veces no se atreven a decirlo por el miedo a que dir\u00e1n. Pero hoy te contamos algunas de las\u00a0<strong>cosas que toda madre primeriza piensa<\/strong> y que no se atreven a decir, pueden coincidir con algunas que piensas t\u00fa.<\/p>\n<h2><strong>Madre primeriza y su diario vivir<\/strong><\/h2>\n<p>1. Debe hacer trabajo extra para cuidar su matrimonio; aunque muchas mujeres digan que despu\u00e9s de la llegada del beb\u00e9 todo va mejor que nunca en su matrimonio o relaci\u00f3n de pareja, esto no es tan cierto. Las <strong>madres primerizas<\/strong> apenas tienen tiempo para dedicar a sus cuidados personales o de belleza, por lo que cuidar a su beb\u00e9 y cuidar el matrimonio es un trabajo extra.<\/p>\n<p>2. A veces se siente sola; aunque est\u00e9 todos los d\u00edas con su beb\u00e9 y este sea la raz\u00f3n de su vida y su luz, muchas mujeres que son<strong> mam\u00e1s por primera vez<\/strong> se sienten solas. Porque al estar tan ocupada con los cuidados de su hijo, que se ha olvidado de sociabilizar, ya no sale y la \u00fanica conversaci\u00f3n real que puede tener es con su pareja cuando llega del trabajo cansado.<\/p>\n<p><img decoding=\"async\" loading=\"lazy\" class=\"aligncenter size-full wp-image-5636\" src=\"https:\/\/tecache.cl\/mujer\/wp-content\/uploads\/2015\/11\/mujer-triste.jpg\" alt=\"mujer triste\" width=\"750\" height=\"563\" \/><\/p>\n<p>3. Hay muchas cosas que no sabe hacer; muchas mujeres se averg\u00fcenzan decir que no saben hacer muchas cosas como, cambiar pa\u00f1ales, cocinar comida especial o a dar leche. Nadie nos ense\u00f1a a hacer eso y la verdad es que muchas veces la primera vez nos resulta todo mal, pero la verdad es que esto es muy normal cuando se comienza a tener una familia.<\/p>\n","protected":false},"excerpt":{"rendered":"<p>Muchas madres primerizas piensan una serie de cosas en torno a esta nueva y hermosa etapa y muchas veces no se atreven a decirlo por el miedo a que dir\u00e1n. Pero hoy te contamos algunas de las\u00a0cosas que toda madre primeriza piensa y que no se atreven a decir, pueden coincidir con algunas que piensas &hellip; <\/p>\n<p class=\"link-more\"><a href=\"https:\/\/tecache.cl\/mujer\/madre-primeriza\/\" class=\"more-link\">Continuar leyendo<span class=\"screen-reader-text\"> \u00ab3 cosas que toda madre primeriza piensa\u00bb<\/span><\/a><\/p>\n","protected":false},"author":1,"featured_media":1562,"comment_status":"closed","ping_status":"closed","sticky":false,"template":"","format":"standard","meta":[],"categories":[15],"tags":[149,150,151,152],"_links":{"self":[{"href":"https:\/\/tecache.cl\/mujer\/wp-json\/wp\/v2\/posts\/1561"}],"collection":[{"href":"https:\/\/tecache.cl\/mujer\/wp-json\/wp\/v2\/posts"}],"about":[{"href":"https:\/\/tecache.cl\/mujer\/wp-json\/wp\/v2\/types\/post"}],"author":[{"embeddable":true,"href":"https:\/\/tecache.cl\/mujer\/wp-json\/wp\/v2\/users\/1"}],"replies":[{"embeddable":true,"href":"https:\/\/tecache.cl\/mujer\/wp-json\/wp\/v2\/comments?post=1561"}],"version-history":[{"count":0,"href":"https:\/\/tecache.cl\/mujer\/wp-json\/wp\/v2\/posts\/1561\/revisions"}],"wp:featuredmedia":[{"embeddable":true,"href":"https:\/\/tecache.cl\/mujer\/wp-json\/"}],"wp:attachment":[{"href":"https:\/\/tecache.cl\/mujer\/wp-json\/wp\/v2\/media?parent=1561"}],"wp:term":[{"taxonomy":"category","embeddable":true,"href":"https:\/\/tecache.cl\/mujer\/wp-json\/wp\/v2\/categories?post=1561"},{"taxonomy":"post_tag","embeddable":true,"href":"https:\/\/tecache.cl\/mujer\/wp-json\/wp\/v2\/tags?post=1561"}],"curies":[{"name":"wp","href":"https:\/\/api.w.org\/{rel}","templated":true}]}}