{"id":2661,"date":"2015-07-17T16:59:50","date_gmt":"2015-07-17T16:59:50","guid":{"rendered":"http:\/\/datomujer.com\/?p=2661"},"modified":"2015-07-17T16:59:50","modified_gmt":"2015-07-17T16:59:50","slug":"la-tendencia-de-invierno-es-lucir-con-estilo-y-con-rayas","status":"publish","type":"post","link":"https:\/\/tecache.cl\/mujer\/la-tendencia-de-invierno-es-lucir-con-estilo-y-con-rayas\/","title":{"rendered":"La tendencia de invierno es lucir con estilo y con rayas"},"content":{"rendered":"<p>Cuando llega el invierno, los d\u00edas grises se hacen frecuentes, pero esto no quiere decir que nosotras tambi\u00e9n nos veamos as\u00ed. No es necesario agotar los recursos vistiendo con colores negro y grises; porque ahora podemos lucir con estilo si seguimos la<strong> tendencia de invierno<\/strong>.<\/p>\n<h2>Tendencia de invierno: rayas<\/h2>\n<p>Las <strong>rayas son la tendencia de invierno<\/strong> y es que al parecer nunca pasan de moda, pero la gracia est\u00e1 en que las luzcamos con estilo y con colores. Las podemos encontrar en abrigos, blusas y abrigos, pero debemos\u00a0preferir siempre las verticales porque estas ayudan a disimular la figura; lo que no se logra con rayas horizontales.<\/p>\n<p>Si eres m\u00e1s delgada sin duda las rayas horizontales son perfectas para ti, pero si no incl\u00ednate por las verticales.<\/p>\n<p>Mira estos <strong>outfits con rayas<\/strong> y luce este invierno con estilo:<\/p>\n<p><a href=\"https:\/\/tecache.cl\/mujer\/wp-content\/uploads\/2015\/07\/rayas.jpg\"><img decoding=\"async\" loading=\"lazy\" class=\"aligncenter size-full wp-image-2662\" src=\"https:\/\/tecache.cl\/mujer\/wp-content\/uploads\/2015\/07\/rayas.jpg\" alt=\"rayas\" width=\"750\" height=\"500\" \/><\/a><\/p>\n<p><a href=\"https:\/\/tecache.cl\/mujer\/wp-content\/uploads\/2015\/07\/rayas-2.jpg\"><img decoding=\"async\" loading=\"lazy\" class=\"aligncenter size-full wp-image-2663\" src=\"https:\/\/tecache.cl\/mujer\/wp-content\/uploads\/2015\/07\/rayas-2.jpg\" alt=\"rayas-2\" width=\"750\" height=\"564\" \/><\/a><\/p>\n<p><a href=\"https:\/\/tecache.cl\/mujer\/wp-content\/uploads\/2015\/07\/rayas-3.jpg\"><img decoding=\"async\" loading=\"lazy\" class=\"aligncenter size-full wp-image-2664\" src=\"https:\/\/tecache.cl\/mujer\/wp-content\/uploads\/2015\/07\/rayas-3.jpg\" alt=\"rayas 3\" width=\"750\" height=\"1125\" \/><\/a><\/p>\n<p><a href=\"https:\/\/tecache.cl\/mujer\/wp-content\/uploads\/2015\/07\/rayas-4.jpg\"><img decoding=\"async\" loading=\"lazy\" class=\"aligncenter size-full wp-image-2665\" src=\"https:\/\/tecache.cl\/mujer\/wp-content\/uploads\/2015\/07\/rayas-4.jpg\" alt=\"rayas 4\" width=\"750\" height=\"820\" \/><\/a><\/p>\n<p><a href=\"https:\/\/tecache.cl\/mujer\/wp-content\/uploads\/2015\/07\/rayas-5.jpg\"><img decoding=\"async\" loading=\"lazy\" class=\"aligncenter size-full wp-image-2666\" src=\"https:\/\/tecache.cl\/mujer\/wp-content\/uploads\/2015\/07\/rayas-5.jpg\" alt=\"rayas 5\" width=\"687\" height=\"1026\" \/><\/a><\/p>\n<p><a href=\"https:\/\/tecache.cl\/mujer\/wp-content\/uploads\/2015\/07\/rayas-6.jpg\"><img decoding=\"async\" loading=\"lazy\" class=\"aligncenter size-full wp-image-2667\" src=\"https:\/\/tecache.cl\/mujer\/wp-content\/uploads\/2015\/07\/rayas-6.jpg\" alt=\"rayas 6\" width=\"1000\" height=\"599\" \/><\/a><\/p>\n<p><a href=\"https:\/\/tecache.cl\/mujer\/wp-content\/uploads\/2015\/07\/rayas-7.jpg\"><img decoding=\"async\" loading=\"lazy\" class=\"aligncenter size-full wp-image-2668\" src=\"https:\/\/tecache.cl\/mujer\/wp-content\/uploads\/2015\/07\/rayas-7.jpg\" alt=\"rayas 7\" width=\"500\" height=\"358\" \/><\/a><\/p>\n","protected":false},"excerpt":{"rendered":"<p>Cuando llega el invierno, los d\u00edas grises se hacen frecuentes, pero esto no quiere decir que nosotras tambi\u00e9n nos veamos as\u00ed. No es necesario agotar los recursos vistiendo con colores negro y grises; porque ahora podemos lucir con estilo si seguimos la tendencia de invierno. Tendencia de invierno: rayas Las rayas son la tendencia de &hellip; <\/p>\n<p class=\"link-more\"><a href=\"https:\/\/tecache.cl\/mujer\/la-tendencia-de-invierno-es-lucir-con-estilo-y-con-rayas\/\" class=\"more-link\">Continuar leyendo<span class=\"screen-reader-text\"> \u00abLa tendencia de invierno es lucir con estilo y con rayas\u00bb<\/span><\/a><\/p>\n","protected":false},"author":1,"featured_media":2669,"comment_status":"closed","ping_status":"closed","sticky":false,"template":"","format":"standard","meta":[],"categories":[22],"tags":[],"_links":{"self":[{"href":"https:\/\/tecache.cl\/mujer\/wp-json\/wp\/v2\/posts\/2661"}],"collection":[{"href":"https:\/\/tecache.cl\/mujer\/wp-json\/wp\/v2\/posts"}],"about":[{"href":"https:\/\/tecache.cl\/mujer\/wp-json\/wp\/v2\/types\/post"}],"author":[{"embeddable":true,"href":"https:\/\/tecache.cl\/mujer\/wp-json\/wp\/v2\/users\/1"}],"replies":[{"embeddable":true,"href":"https:\/\/tecache.cl\/mujer\/wp-json\/wp\/v2\/comments?post=2661"}],"version-history":[{"count":0,"href":"https:\/\/tecache.cl\/mujer\/wp-json\/wp\/v2\/posts\/2661\/revisions"}],"wp:featuredmedia":[{"embeddable":true,"href":"https:\/\/tecache.cl\/mujer\/wp-json\/"}],"wp:attachment":[{"href":"https:\/\/tecache.cl\/mujer\/wp-json\/wp\/v2\/media?parent=2661"}],"wp:term":[{"taxonomy":"category","embeddable":true,"href":"https:\/\/tecache.cl\/mujer\/wp-json\/wp\/v2\/categories?post=2661"},{"taxonomy":"post_tag","embeddable":true,"href":"https:\/\/tecache.cl\/mujer\/wp-json\/wp\/v2\/tags?post=2661"}],"curies":[{"name":"wp","href":"https:\/\/api.w.org\/{rel}","templated":true}]}}