{"id":607,"date":"2015-02-03T14:10:52","date_gmt":"2015-02-03T14:10:52","guid":{"rendered":"http:\/\/datomujer.com\/?p=607"},"modified":"2015-02-03T14:10:52","modified_gmt":"2015-02-03T14:10:52","slug":"colico-intestinal-en-los-bebes","status":"publish","type":"post","link":"https:\/\/tecache.cl\/mujer\/colico-intestinal-en-los-bebes\/","title":{"rendered":"C\u00f3lico intestinal en los beb\u00e9s"},"content":{"rendered":"<p>Es frecuente que los beb\u00e9s sufran de c\u00f3lico intestinal, teniendo una acumulaci\u00f3n de aire en su est\u00f3mago lo que causa en ellos dolor y molestias, a tal punto de hacerlos llorar. Pero <strong>\u00bfporqu\u00e9 ocurre el c\u00f3lico intestinal en los beb\u00e9s?<\/strong>, pregunta que tiene una clara respuesta y se relaciona con la manera en que se les da de amamantar.<\/p>\n<h2>C\u00f3lico intestinal en los beb\u00e9s<\/h2>\n<p>El <strong>c\u00f3lico intestinal en los beb\u00e9s<\/strong>, se origina principalmente cuando los beb\u00e9s aun son lactantes y se les da de amamantar, donde generalmente\u00a0la t\u00e9cnica utilizada para esto no es la correcta; es decir, el pez\u00f3n no cubre completamente la boca del beb\u00e9, dejando espacios por donde circula aire y termina llegando al est\u00f3mago del lactante.<\/p>\n<p>Por eso cuando se incorpore la cuchara a la alimentaci\u00f3n de nuestros hijos, estos problemas de c\u00f3licos ir\u00e1n disminuyendo hasta no causar las molestias que en estos momentos pueden estar ocasionando en el<strong> beb\u00e9<\/strong>.<\/p>\n<p>&nbsp;<\/p>\n","protected":false},"excerpt":{"rendered":"<p>Es frecuente que los beb\u00e9s sufran de c\u00f3lico intestinal, teniendo una acumulaci\u00f3n de aire en su est\u00f3mago lo que causa en ellos dolor y molestias, a tal punto de hacerlos llorar. Pero \u00bfporqu\u00e9 ocurre el c\u00f3lico intestinal en los beb\u00e9s?, pregunta que tiene una clara respuesta y se relaciona con la manera en que se &hellip; <\/p>\n<p class=\"link-more\"><a href=\"https:\/\/tecache.cl\/mujer\/colico-intestinal-en-los-bebes\/\" class=\"more-link\">Continuar leyendo<span class=\"screen-reader-text\"> \u00abC\u00f3lico intestinal en los beb\u00e9s\u00bb<\/span><\/a><\/p>\n","protected":false},"author":1,"featured_media":617,"comment_status":"closed","ping_status":"closed","sticky":false,"template":"","format":"standard","meta":[],"categories":[15],"tags":[],"_links":{"self":[{"href":"https:\/\/tecache.cl\/mujer\/wp-json\/wp\/v2\/posts\/607"}],"collection":[{"href":"https:\/\/tecache.cl\/mujer\/wp-json\/wp\/v2\/posts"}],"about":[{"href":"https:\/\/tecache.cl\/mujer\/wp-json\/wp\/v2\/types\/post"}],"author":[{"embeddable":true,"href":"https:\/\/tecache.cl\/mujer\/wp-json\/wp\/v2\/users\/1"}],"replies":[{"embeddable":true,"href":"https:\/\/tecache.cl\/mujer\/wp-json\/wp\/v2\/comments?post=607"}],"version-history":[{"count":0,"href":"https:\/\/tecache.cl\/mujer\/wp-json\/wp\/v2\/posts\/607\/revisions"}],"wp:featuredmedia":[{"embeddable":true,"href":"https:\/\/tecache.cl\/mujer\/wp-json\/"}],"wp:attachment":[{"href":"https:\/\/tecache.cl\/mujer\/wp-json\/wp\/v2\/media?parent=607"}],"wp:term":[{"taxonomy":"category","embeddable":true,"href":"https:\/\/tecache.cl\/mujer\/wp-json\/wp\/v2\/categories?post=607"},{"taxonomy":"post_tag","embeddable":true,"href":"https:\/\/tecache.cl\/mujer\/wp-json\/wp\/v2\/tags?post=607"}],"curies":[{"name":"wp","href":"https:\/\/api.w.org\/{rel}","templated":true}]}}