{"id":7782,"date":"2016-02-07T11:03:19","date_gmt":"2016-02-07T11:03:19","guid":{"rendered":"http:\/\/datomujer.com\/?p=7782"},"modified":"2016-02-07T11:03:19","modified_gmt":"2016-02-07T11:03:19","slug":"flequillos-arcoiris","status":"publish","type":"post","link":"https:\/\/tecache.cl\/mujer\/flequillos-arcoiris\/","title":{"rendered":"La nueva moda es lucir flequillos arco\u00edris \u00bfte atreves?"},"content":{"rendered":"<p>Podemos jugar siempre con nuestro cabello, peinados, cortes y colores se hacen parte de nuestro look diario; por eso cada d\u00eda surgen nuevas tendencias y hoy una de ellas son los <strong>flequillos arco\u00edris<\/strong>. La primera en lucir este look fue la modelo <em>Redken \u00e1mbar Le Bon<\/em>, quien mostr\u00f3 su nuevo cabello en Instagram y despu\u00e9s de estos varias fueron las mujeres que se atrevieron a lucirlo.<\/p>\n<p>Conoce m\u00e1s sobre esta moda: <span style=\"color: #ff00ff\"><strong><a style=\"color: #ff00ff\" href=\"https:\/\/tecache.cl\/mujer\/la-tendencia-en-color-de-pelo-que-pocas-se-atreven-a-lucir\/\" target=\"_blank\">la tendencia en color de pelo que pocas se atreven a lucir<\/a><\/strong><\/span><\/p>\n<h2>Flequillos arco\u00edris la nueva tendencia en cabellos<\/h2>\n<p>Siempre que pensamos en un cambio de look recurrimos a un corte, pero los<strong> flequillos arco\u00edris<\/strong> pueden ser nuestra opci\u00f3n si queremos lucir m\u00e1s osadas. Gracias al flequillo se pueden acentuar algunos rasgos de nuestras cara o bien, disimular aquellas que no nos gustan tanto y al agregarle color el flequillo adquiere un mayor protagonismo.<\/p>\n<p><strong>Flequillo recto, curvado y abierto son algunos de los estilos<\/strong> que\u00a0se pueden encontrar en esta secci\u00f3n de cabello, el que se puede combinar con todos los peinados que imaginemos y todos los colores tambi\u00e9n.<\/p>\n<p>\u00bfTe atreves? Mira la nueva <strong>tendencia en cabello 2016<\/strong>:<\/p>\n<p><img decoding=\"async\" loading=\"lazy\" class=\"aligncenter size-full wp-image-7783\" src=\"https:\/\/tecache.cl\/mujer\/wp-content\/uploads\/2016\/02\/flequillo-arcoiris.jpg\" alt=\"flequillo arcoiris\" width=\"750\" height=\"745\" \/><\/p>\n<p><img decoding=\"async\" loading=\"lazy\" class=\"aligncenter size-full wp-image-7784\" src=\"https:\/\/tecache.cl\/mujer\/wp-content\/uploads\/2016\/02\/flequillos-arcoiris-moda.jpg\" alt=\"flequillos arcoiris moda\" width=\"750\" height=\"736\" \/><\/p>\n<p><img decoding=\"async\" loading=\"lazy\" class=\"aligncenter size-full wp-image-7785\" src=\"https:\/\/tecache.cl\/mujer\/wp-content\/uploads\/2016\/02\/flequillos-arcoiris-tendencia.jpg\" alt=\"flequillos arcoiris tendencia\" width=\"750\" height=\"813\" \/><\/p>\n<p><img decoding=\"async\" loading=\"lazy\" class=\"aligncenter size-full wp-image-7786\" src=\"https:\/\/tecache.cl\/mujer\/wp-content\/uploads\/2016\/02\/flequillos-arcoiris.jpg\" alt=\"flequillos arcoiris\" width=\"750\" height=\"749\" \/><\/p>\n<p><img decoding=\"async\" loading=\"lazy\" class=\"aligncenter size-full wp-image-7787\" src=\"https:\/\/tecache.cl\/mujer\/wp-content\/uploads\/2016\/02\/flequillos-color-arcoiris.jpg\" alt=\"flequillos color arcoiris\" width=\"707\" height=\"731\" \/><\/p>\n<p><img decoding=\"async\" loading=\"lazy\" class=\"aligncenter size-full wp-image-7788\" src=\"https:\/\/tecache.cl\/mujer\/wp-content\/uploads\/2016\/02\/moda-flequillos-arcoiris.jpg\" alt=\"moda flequillos arcoiris\" width=\"707\" height=\"702\" \/><\/p>\n<p><img decoding=\"async\" loading=\"lazy\" class=\"aligncenter size-full wp-image-7789\" src=\"https:\/\/tecache.cl\/mujer\/wp-content\/uploads\/2016\/02\/tendencia-flequillos-arcoiris.jpg\" alt=\"tendencia flequillos arcoiris\" width=\"707\" height=\"704\" \/><\/p>\n","protected":false},"excerpt":{"rendered":"<p>Podemos jugar siempre con nuestro cabello, peinados, cortes y colores se hacen parte de nuestro look diario; por eso cada d\u00eda surgen nuevas tendencias y hoy una de ellas son los flequillos arco\u00edris. La primera en lucir este look fue la modelo Redken \u00e1mbar Le Bon, quien mostr\u00f3 su nuevo cabello en Instagram y despu\u00e9s &hellip; <\/p>\n<p class=\"link-more\"><a href=\"https:\/\/tecache.cl\/mujer\/flequillos-arcoiris\/\" class=\"more-link\">Continuar leyendo<span class=\"screen-reader-text\"> \u00abLa nueva moda es lucir flequillos arco\u00edris \u00bfte atreves?\u00bb<\/span><\/a><\/p>\n","protected":false},"author":1,"featured_media":7790,"comment_status":"closed","ping_status":"closed","sticky":false,"template":"","format":"standard","meta":[],"categories":[6],"tags":[124,285,57],"_links":{"self":[{"href":"https:\/\/tecache.cl\/mujer\/wp-json\/wp\/v2\/posts\/7782"}],"collection":[{"href":"https:\/\/tecache.cl\/mujer\/wp-json\/wp\/v2\/posts"}],"about":[{"href":"https:\/\/tecache.cl\/mujer\/wp-json\/wp\/v2\/types\/post"}],"author":[{"embeddable":true,"href":"https:\/\/tecache.cl\/mujer\/wp-json\/wp\/v2\/users\/1"}],"replies":[{"embeddable":true,"href":"https:\/\/tecache.cl\/mujer\/wp-json\/wp\/v2\/comments?post=7782"}],"version-history":[{"count":0,"href":"https:\/\/tecache.cl\/mujer\/wp-json\/wp\/v2\/posts\/7782\/revisions"}],"wp:featuredmedia":[{"embeddable":true,"href":"https:\/\/tecache.cl\/mujer\/wp-json\/"}],"wp:attachment":[{"href":"https:\/\/tecache.cl\/mujer\/wp-json\/wp\/v2\/media?parent=7782"}],"wp:term":[{"taxonomy":"category","embeddable":true,"href":"https:\/\/tecache.cl\/mujer\/wp-json\/wp\/v2\/categories?post=7782"},{"taxonomy":"post_tag","embeddable":true,"href":"https:\/\/tecache.cl\/mujer\/wp-json\/wp\/v2\/tags?post=7782"}],"curies":[{"name":"wp","href":"https:\/\/api.w.org\/{rel}","templated":true}]}}